{"id":2374,"date":"2026-03-23T08:59:20","date_gmt":"2026-03-23T07:59:20","guid":{"rendered":"https:\/\/dunavirag.hu\/?p=2374"},"modified":"2026-03-23T09:01:47","modified_gmt":"2026-03-23T08:01:47","slug":"husveti-nyitvatartas-2026-04-03-04-07","status":"publish","type":"post","link":"https:\/\/dunavirag.hu\/de\/husveti-nyitvatartas-2026-04-03-04-07\/","title":{"rendered":"Oster\u00f6ffnungszeiten 2026.04.03 - 04.07"},"content":{"rendered":"<div class=\"wp-block-image\">\n<figure class=\"aligncenter size-full\"><img alt=\"\" fetchpriority=\"high\" decoding=\"async\" width=\"1414\" height=\"722\" src=\"https:\/\/dunavirag.hu\/wp-content\/uploads\/2026\/03\/husveti_nyitvatartas_wp_post.png\" class=\"wp-image-2375\" style=\"object-fit:cover\" srcset=\"https:\/\/dunavirag.hu\/wp-content\/uploads\/2026\/03\/husveti_nyitvatartas_wp_post.png 1414w, https:\/\/dunavirag.hu\/wp-content\/uploads\/2026\/03\/husveti_nyitvatartas_wp_post-18x9.png 18w\" sizes=\"(max-width: 1414px) 100vw, 1414px\" \/><\/figure>\n<\/div>\n\n\n<p style=\"font-size:20px\"><\/p>\n\n\n\n<p style=\"font-size:20px\"><strong>Liebe Kunden!<\/strong><br><\/p>\n\n\n\n<p style=\"font-size:20px\"><strong>Unsere \u00d6ffnungszeiten w\u00e4hrend der Osterzeit sind wie folgt:<\/strong><br><\/p>\n\n\n\n<p style=\"font-size:20px\">2026.04.03. Karfreitag - GESCHLOSSEN<br>Samstag 04\/04\/2026 - 7:00 - 15:00<br>Sonntag 05.04.2026 - GESCHLOSSEN<br>Montag, 06.04.2026 - GESCHLOSSEN<br>Dienstag, 07.04.2026 - 5:00 - 17:00<\/p>\n\n\n\n<p style=\"font-size:20px\"><strong>An den anderen Tagen sind wir zu den \u00fcblichen \u00d6ffnungszeiten ge\u00f6ffnet!<\/strong><\/p>\n\n\n\n<p style=\"font-size:20px\"><strong>Wir w\u00fcnschen allen unseren lieben Kunden ein frohes Osterfest!<\/strong><\/p>\n\n\n\n<p><\/p>\n\n\n\n<p><\/p>\n\n\n\n<p><\/p>","protected":false},"excerpt":{"rendered":"<p>Kedves V\u00e1s\u00e1rl\u00f3ink! \u00dcnnepi nyitvatart\u00e1sunk a h\u00fasv\u00e9ti id\u0151szakban az al\u00e1bbiak szerint alakul: 2026.04.03. Nagyp\u00e9ntek &#8211; Z\u00c1RVA2026.04.04. szombat &#8211; 7:00 &#8211; 15:002026.04.05. vas\u00e1rnap &#8211; Z\u00c1RVA2026.04.06. h\u00e9tf\u0151 &#8211; Z\u00c1RVA2026.04.07. kedd &#8211; 5:00 &#8211; 17:00 T\u00f6bbi napon megszokott nyitvatart\u00e1si id\u0151ben v\u00e1runk mindenkit szeretettel! Kellemes h\u00fasv\u00e9ti \u00fcnnepeket k\u00edv\u00e1nunk minden kedves v\u00e1s\u00e1rl\u00f3nknak!<\/p>","protected":false},"author":1,"featured_media":2375,"comment_status":"closed","ping_status":"closed","sticky":false,"template":"","format":"standard","meta":{"_seopress_robots_primary_cat":"none","_seopress_titles_title":"","_seopress_titles_desc":"","_seopress_robots_index":"","footnotes":""},"categories":[1],"tags":[],"class_list":["post-2374","post","type-post","status-publish","format-standard","has-post-thumbnail","hentry","category-aktualis"],"_links":{"self":[{"href":"https:\/\/dunavirag.hu\/de\/wp-json\/wp\/v2\/posts\/2374","targetHints":{"allow":["GET"]}}],"collection":[{"href":"https:\/\/dunavirag.hu\/de\/wp-json\/wp\/v2\/posts"}],"about":[{"href":"https:\/\/dunavirag.hu\/de\/wp-json\/wp\/v2\/types\/post"}],"author":[{"embeddable":true,"href":"https:\/\/dunavirag.hu\/de\/wp-json\/wp\/v2\/users\/1"}],"replies":[{"embeddable":true,"href":"https:\/\/dunavirag.hu\/de\/wp-json\/wp\/v2\/comments?post=2374"}],"version-history":[{"count":2,"href":"https:\/\/dunavirag.hu\/de\/wp-json\/wp\/v2\/posts\/2374\/revisions"}],"predecessor-version":[{"id":2377,"href":"https:\/\/dunavirag.hu\/de\/wp-json\/wp\/v2\/posts\/2374\/revisions\/2377"}],"wp:featuredmedia":[{"embeddable":true,"href":"https:\/\/dunavirag.hu\/de\/wp-json\/wp\/v2\/media\/2375"}],"wp:attachment":[{"href":"https:\/\/dunavirag.hu\/de\/wp-json\/wp\/v2\/media?parent=2374"}],"wp:term":[{"taxonomy":"category","embeddable":true,"href":"https:\/\/dunavirag.hu\/de\/wp-json\/wp\/v2\/categories?post=2374"},{"taxonomy":"post_tag","embeddable":true,"href":"https:\/\/dunavirag.hu\/de\/wp-json\/wp\/v2\/tags?post=2374"}],"curies":[{"name":"wp","href":"https:\/\/api.w.org\/{rel}","templated":true}]}}