{"id":2501,"date":"2026-04-16T11:19:25","date_gmt":"2026-04-16T10:19:25","guid":{"rendered":"https:\/\/dunavirag.hu\/?p=2501"},"modified":"2026-04-16T11:23:50","modified_gmt":"2026-04-16T10:23:50","slug":"nyitvatartas-anyak-napja-es-ballagasi-idoszak","status":"publish","type":"post","link":"https:\/\/dunavirag.hu\/de\/nyitvatartas-anyak-napja-es-ballagasi-idoszak\/","title":{"rendered":"Nyitvatart\u00e1s any\u00e1k napja \u00e9s ballag\u00e1si id\u0151szak"},"content":{"rendered":"<figure class=\"wp-block-image size-large\"><img alt=\"\" fetchpriority=\"high\" decoding=\"async\" width=\"1024\" height=\"747\" src=\"https:\/\/dunavirag.hu\/wp-content\/uploads\/2026\/04\/wp_post_anyaknap2-1024x747.png\" class=\"wp-image-2504\"\/><\/figure>\n\n\n\n<p><\/p>\n\n\n\n<p style=\"font-size:20px\"><strong>Liebe Kunden!<br><br><strong>Any\u00e1k napi \u00e9s ballag\u00e1si id\u0151szakban az al\u00e1bbiak szerint alakul a nyitvatart\u00e1sunk:<\/strong><\/strong><\/p>\n\n\n\n<p style=\"font-size:20px\"><strong>2026.04.25. szombat 5:00 &#8211; 17:00 (Kiemelt piacnap)<br>2026.04.26. vas\u00e1rnap 7:00 &#8211; 14:00<br>2026.04.29. szerda 5:00 &#8211; 17:00 (Kiemelt piacnap)<br>2026.05.01. p\u00e9ntek 7:00 &#8211; 17:00<br>2026.05.02. szombat 5:00 &#8211; 17:00 (Kiemelt piacnap)<br>2026.05.03. vas\u00e1rnap 7:00 &#8211; 14:00<\/strong><\/p>\n\n\n\n<p style=\"font-size:20px\"><strong>Tov\u00e1bbi napokon a megszokott nyitvatart\u00e1ssal v\u00e1runk szeretettel mindenkit!<\/strong><\/p>","protected":false},"excerpt":{"rendered":"<p>Kedves V\u00e1s\u00e1rl\u00f3ink! Any\u00e1k napi \u00e9s ballag\u00e1si id\u0151szakban az al\u00e1bbiak szerint alakul a nyitvatart\u00e1sunk: 2026.04.25. szombat 5:00 &#8211; 17:00 (Kiemelt piacnap)2026.04.26. vas\u00e1rnap 7:00 &#8211; 14:002026.04.29. szerda 5:00 &#8211; 17:00 (Kiemelt piacnap)2026.05.01. p\u00e9ntek 7:00 &#8211; 17:002026.05.02. szombat 5:00 &#8211; 17:00 (Kiemelt piacnap)2026.05.03. vas\u00e1rnap 7:00 &#8211; 14:00 Tov\u00e1bbi napokon a megszokott nyitvatart\u00e1ssal v\u00e1runk szeretettel mindenkit!<\/p>","protected":false},"author":1,"featured_media":2504,"comment_status":"closed","ping_status":"closed","sticky":false,"template":"","format":"standard","meta":{"_seopress_robots_primary_cat":"none","_seopress_titles_title":"","_seopress_titles_desc":"","_seopress_robots_index":"","footnotes":""},"categories":[1],"tags":[],"class_list":["post-2501","post","type-post","status-publish","format-standard","has-post-thumbnail","hentry","category-aktualis"],"_links":{"self":[{"href":"https:\/\/dunavirag.hu\/de\/wp-json\/wp\/v2\/posts\/2501","targetHints":{"allow":["GET"]}}],"collection":[{"href":"https:\/\/dunavirag.hu\/de\/wp-json\/wp\/v2\/posts"}],"about":[{"href":"https:\/\/dunavirag.hu\/de\/wp-json\/wp\/v2\/types\/post"}],"author":[{"embeddable":true,"href":"https:\/\/dunavirag.hu\/de\/wp-json\/wp\/v2\/users\/1"}],"replies":[{"embeddable":true,"href":"https:\/\/dunavirag.hu\/de\/wp-json\/wp\/v2\/comments?post=2501"}],"version-history":[{"count":2,"href":"https:\/\/dunavirag.hu\/de\/wp-json\/wp\/v2\/posts\/2501\/revisions"}],"predecessor-version":[{"id":2505,"href":"https:\/\/dunavirag.hu\/de\/wp-json\/wp\/v2\/posts\/2501\/revisions\/2505"}],"wp:featuredmedia":[{"embeddable":true,"href":"https:\/\/dunavirag.hu\/de\/wp-json\/wp\/v2\/media\/2504"}],"wp:attachment":[{"href":"https:\/\/dunavirag.hu\/de\/wp-json\/wp\/v2\/media?parent=2501"}],"wp:term":[{"taxonomy":"category","embeddable":true,"href":"https:\/\/dunavirag.hu\/de\/wp-json\/wp\/v2\/categories?post=2501"},{"taxonomy":"post_tag","embeddable":true,"href":"https:\/\/dunavirag.hu\/de\/wp-json\/wp\/v2\/tags?post=2501"}],"curies":[{"name":"wp","href":"https:\/\/api.w.org\/{rel}","templated":true}]}}