{"id":1716,"date":"2024-09-20T07:58:01","date_gmt":"2024-09-20T05:58:01","guid":{"rendered":"https:\/\/uj.dunavirag.hu\/?p=1716"},"modified":"2024-09-20T08:11:56","modified_gmt":"2024-09-20T06:11:56","slug":"viragkoteszeti-bemutatonk-galeriaja-tekintse-meg-most","status":"publish","type":"post","link":"https:\/\/dunavirag.hu\/ro\/viragkoteszeti-bemutatonk-galeriaja-tekintse-meg-most\/","title":{"rendered":"Galeria demonstra\u021biei noastre de aranjamente florale - Vizualiza\u021bi acum!"},"content":{"rendered":"<figure class=\"wp-block-image size-large is-resized\"><img alt=\"\" fetchpriority=\"high\" decoding=\"async\" width=\"1024\" height=\"678\" src=\"https:\/\/uj.dunavirag.hu\/wp-content\/uploads\/2024\/09\/asd-1024x678.png\" class=\"wp-image-1721\" style=\"width:820px;height:auto\"\/><\/figure>\n\n\n\n<p><strong>Dragi florari!<\/strong><br><strong><br>Mul\u021bumim tuturor celor care au participat la prezentarea noastr\u0103 \"Decora\u021biuni de toamn\u0103, har\", unde<br><em><a href=\"https:\/\/www.facebook.com\/botanicart.eu\" target=\"_blank\" rel=\"noreferrer noopener\">BotanicArt Kriszti\u00e1n K\u00f6v\u00e9r<\/a><\/em><br>ideile inspirate ale unui maestru florar! Evenimentul a fost fantastic \u0219i am fost \u00eenc\u00e2nta\u021bi s\u0103 v\u0103 vedem pe at\u00e2t de mul\u021bi dintre voi venind s\u0103 v\u0103 inspira\u021bi \u0219i s\u0103 \u00eenv\u0103\u021ba\u021bi.<\/strong><br><strong><br>Dorim s\u0103 \u00eemp\u0103rt\u0103\u0219im cu voi cele mai bune momente ale evenimentului!<\/strong><br><strong><br>V\u0103 mul\u021bumim pentru sprijin \u0219i sper\u0103m s\u0103 v\u0103 revedem \u00een cur\u00e2nd!<\/strong><\/p>\n\n\n\n<p><a href=\"https:\/\/vasarterdunavirag.hu\/index.php\/viragkoteszeti-bemutato-ii.html\" target=\"_blank\" rel=\"noreferrer noopener\"><strong><em>Vezi galeria<\/em><\/strong><\/a><\/p>\n\n\n\n<p><\/p>","protected":false},"excerpt":{"rendered":"<p>Dragi aranjori de flori, V\u0103 mul\u021bumim tuturor celor care au participat la prezentarea noastr\u0103 \"Decor de toamn\u0103, gra\u021bie\", unde am avut ocazia s\u0103 vedem ideile inspirate ale maestrului aranjor de flori Kriszti\u00e1n K\u00f6v\u00e9r BotanicArt! Evenimentul a fost fantastic \u0219i am fost \u00eenc\u00e2nta\u021bi s\u0103 v\u0103 vedem at\u00e2t de mul\u021bi veni\u021bi s\u0103 v\u0103 inspira\u021bi \u0219i s\u0103 \u00eenv\u0103\u021ba\u021bi. ne-ar pl\u0103cea s\u0103 \u00eemp\u0103rt\u0103\u0219im cu voi c\u00e2teva dintre cele mai frumoase momente ale evenimentului!V\u0103 mul\u021bumim pentru sus\u021binere \u0219i sper\u0103m s\u0103 ne revedem cur\u00e2nd! Vezi galeria<\/p>","protected":false},"author":1,"featured_media":1717,"comment_status":"closed","ping_status":"closed","sticky":false,"template":"","format":"standard","meta":{"_seopress_robots_primary_cat":"","_seopress_titles_title":"","_seopress_titles_desc":"","_seopress_robots_index":"","footnotes":""},"categories":[1,19],"tags":[],"class_list":["post-1716","post","type-post","status-publish","format-standard","has-post-thumbnail","hentry","category-aktualis","category-botanicart"],"_links":{"self":[{"href":"https:\/\/dunavirag.hu\/ro\/wp-json\/wp\/v2\/posts\/1716","targetHints":{"allow":["GET"]}}],"collection":[{"href":"https:\/\/dunavirag.hu\/ro\/wp-json\/wp\/v2\/posts"}],"about":[{"href":"https:\/\/dunavirag.hu\/ro\/wp-json\/wp\/v2\/types\/post"}],"author":[{"embeddable":true,"href":"https:\/\/dunavirag.hu\/ro\/wp-json\/wp\/v2\/users\/1"}],"replies":[{"embeddable":true,"href":"https:\/\/dunavirag.hu\/ro\/wp-json\/wp\/v2\/comments?post=1716"}],"version-history":[{"count":4,"href":"https:\/\/dunavirag.hu\/ro\/wp-json\/wp\/v2\/posts\/1716\/revisions"}],"predecessor-version":[{"id":1723,"href":"https:\/\/dunavirag.hu\/ro\/wp-json\/wp\/v2\/posts\/1716\/revisions\/1723"}],"wp:featuredmedia":[{"embeddable":true,"href":"https:\/\/dunavirag.hu\/ro\/wp-json\/wp\/v2\/media\/1717"}],"wp:attachment":[{"href":"https:\/\/dunavirag.hu\/ro\/wp-json\/wp\/v2\/media?parent=1716"}],"wp:term":[{"taxonomy":"category","embeddable":true,"href":"https:\/\/dunavirag.hu\/ro\/wp-json\/wp\/v2\/categories?post=1716"},{"taxonomy":"post_tag","embeddable":true,"href":"https:\/\/dunavirag.hu\/ro\/wp-json\/wp\/v2\/tags?post=1716"}],"curies":[{"name":"wp","href":"https:\/\/api.w.org\/{rel}","templated":true}]}}